
{"id":36991,"date":"2023-11-24T16:51:55","date_gmt":"2023-11-24T16:51:55","guid":{"rendered":"https:\/\/missioninclusion.ca\/?p=36991"},"modified":"2023-11-24T17:23:59","modified_gmt":"2023-11-24T17:23:59","slug":"act-against-violence-against-women-act-for-inclusion","status":"publish","type":"post","link":"https:\/\/missioninclusion.ca\/en\/droits-des-femmes\/act-against-violence-against-women-act-for-inclusion\/","title":{"rendered":"Act Against Violence Against Women, Act For Inclusion"},"content":{"rendered":"<p>[et_pb_section fb_built=&#8221;1&#8243; _builder_version=&#8221;4.23.1&#8243; _module_preset=&#8221;default&#8221; custom_padding=&#8221;17px||17px|||&#8221; locked=&#8221;off&#8221; global_colors_info=&#8221;{}&#8221;][et_pb_row _builder_version=&#8221;4.23.1&#8243; _module_preset=&#8221;default&#8221; global_colors_info=&#8221;{}&#8221;][et_pb_column type=&#8221;4_4&#8243; _builder_version=&#8221;4.23.1&#8243; _module_preset=&#8221;default&#8221; global_colors_info=&#8221;{}&#8221;][et_pb_text _builder_version=&#8221;4.23.1&#8243; _module_preset=&#8221;default&#8221; header_2_text_color=&#8221;#BE0055&#8243; header_4_text_color=&#8221;#FF325A&#8221; global_colors_info=&#8221;{}&#8221;]<\/p>\n<h4>Mission inclusion is proud to join the <strong>16 Days of Activism Against Gender-based Violence campaign<\/strong>. The fight against violence against women, girls and people of sexual and gender diversity is at the very heart of our commitment to social inclusion and respect for human rights because women&#8217;s rights are human rights!<\/h4>\n<p>[\/et_pb_text][\/et_pb_column][\/et_pb_row][et_pb_row _builder_version=&#8221;4.23.1&#8243; _module_preset=&#8221;default&#8221; custom_padding=&#8221;||11px|||&#8221; global_colors_info=&#8221;{}&#8221;][et_pb_column type=&#8221;4_4&#8243; _builder_version=&#8221;4.23.1&#8243; _module_preset=&#8221;default&#8221; global_colors_info=&#8221;{}&#8221;][et_pb_text _builder_version=&#8221;4.23.1&#8243; _module_preset=&#8221;default&#8221; text_font_size=&#8221;16px&#8221; header_2_text_color=&#8221;#BE0055&#8243; custom_margin=&#8221;||40px|||&#8221; custom_padding=&#8221;||0px|||&#8221; hover_enabled=&#8221;0&#8243; global_colors_info=&#8221;{}&#8221; sticky_enabled=&#8221;0&#8243;]<\/p>\n<h2>Learn, listen, act<\/h2>\n<p>The annual 16 Days of Activism Against Gender-based Violence campaign, from 25 November to 10 December, aims to raise awareness and encourage action to eradicate all forms of violence against women and girls.<\/p>\n<p>Coline Camier, Senior Advisor, Gender and Social Inclusion at Mission Inclusion, highlights the importance of this campaign:<\/p>\n<blockquote>\n<p>&#8220;Under the theme<span style=\"color: #ff0000;\"><strong><a href=\"https:\/\/women-gender-equality.canada.ca\/en\/commemorations-celebrations\/16-days\/16-days-2023.html\" target=\"_blank\" rel=\"noopener\" style=\"color: #ff0000;\"> &#8216;<span style=\"text-decoration: underline;\">Learn, Listen, Act&#8217;, initiated by the Government of Canada<\/span><\/a><\/strong><\/span>, this campaign resonates with our approach. We are committed to understanding women&#8217;s diverse experiences of sexual and gender-based violence, actively listening to their voices, and working with them to strengthen and amplify those voices. Our approach includes prevention, response and reparation, working with women and their allies at a local level.&#8221;<\/p>\n<\/blockquote>\n<p>[\/et_pb_text][et_pb_text _builder_version=&#8221;4.23.1&#8243; _module_preset=&#8221;default&#8221; text_font_size=&#8221;16px&#8221; header_2_text_color=&#8221;#BE0055&#8243; custom_margin=&#8221;||40px|||&#8221; global_colors_info=&#8221;{}&#8221;]<\/p>\n<h2>Initiatives to promote women&#8217;s rights<\/h2>\n<p>Our programmes aim to build the capacity of people who are marginalized and excluded, including many survivors and victims of gender-based violence.<\/p>\n<p>In addition, Mission inclusion works with its partners to create an environment that prevents such violence, including through the economic empowerment of women and their inclusion in decision-making.<\/p>\n<p>[\/et_pb_text][et_pb_text _builder_version=&#8221;4.23.1&#8243; _module_preset=&#8221;default&#8221; text_font_size=&#8221;16px&#8221; header_2_text_color=&#8221;#BE0055&#8243; hover_enabled=&#8221;0&#8243; global_colors_info=&#8221;{}&#8221; sticky_enabled=&#8221;0&#8243;]<\/p>\n<h2>Local Action in Quebec<\/h2>\n<p>In Quebec, Mission inclusion supports community organizations such as the <span style=\"text-decoration: underline;\"><span style=\"color: #ff0000; text-decoration: underline;\"><strong><a href=\"https:\/\/missioninclusion.ca\/enfants-et-familles\/femmes-dailleurs-femmes-du-kamouraska\/\" target=\"_blank\" rel=\"noopener\" style=\"color: #ff0000; text-decoration: underline;\">Centre Femmes La Passerelle in Kamouraska<\/a><\/strong><\/span>.<\/span> This centre helps immigrant and refugee women who face multiple economic and social barriers, making them vulnerable to violence and social exclusion.<\/p>\n<p>Coline Camier links this initiative to the theme of Quebec&#8217;s Against Gender Violence campaign:<\/p>\n<blockquote>\n<p>&#8220;Mission inclusion&#8217;s programming in Quebec echoes the <span style=\"text-decoration: underline;\"><span style=\"color: #ff0000;\"><strong><a href=\"https:\/\/www.12joursdaction.com\/\" target=\"_blank\" rel=\"noopener\" style=\"color: #ff0000; text-decoration: underline;\">12 Days of Action campaign<\/a><\/strong><\/span><\/span> by highlighting the link between economic vulnerability and violence against women. This vulnerability, considered a form of violence in itself, leads to even more extreme situations, such as the exploitation of women and feminicide. By aligning itself with the theme chosen by the 12 Days of Action committee, Mission inclusion is underlining its commitment to combating these forms of violence and supporting women in their fight for security and economic equality.&#8221;<\/p>\n<\/blockquote>\n<p>[\/et_pb_text][et_pb_text _builder_version=&#8221;4.23.1&#8243; _module_preset=&#8221;default&#8221; text_font_size=&#8221;16px&#8221; link_font=&#8221;|600|||on||||&#8221; link_text_color=&#8221;#FF325A&#8221; header_2_text_color=&#8221;#BE0055&#8243; custom_margin=&#8221;||40px|||&#8221; hover_enabled=&#8221;0&#8243; global_colors_info=&#8221;{}&#8221; sticky_enabled=&#8221;0&#8243;]<\/p>\n<h2>In action around the world<\/h2>\n<p>Abroad, Mission inclusion is involved in a series of initiatives to promote gender equality and combat gender-based and sexual violence. Among these, the <span style=\"color: #ff0000;\"><strong><a href=\"https:\/\/missioninclusion.ca\/droits-des-femmes\/des-avancees-pour-les-droits-sexuels-et-reproductifs-des-femmes-en-haiti\/\" target=\"_blank\" rel=\"noopener\" style=\"color: #ff0000;\">PACIT project in Haiti to promote the sexual and reproductive health of women and girls<\/a> <\/strong><\/span>is a concrete example: by mobilizing the community, we aim to strengthen the rights and dignity of women by giving them access to services that meet their specific needs.<\/p>\n<p>In this way, Mission inclusion and its partners are helping to empower women and girls and to create more favourable environments in which their rights are respected.<\/p>\n<p>[\/et_pb_text][et_pb_text _builder_version=&#8221;4.23.1&#8243; _module_preset=&#8221;default&#8221; text_font_size=&#8221;16px&#8221; link_font=&#8221;|600|||on||||&#8221; link_text_color=&#8221;#FF325A&#8221; header_2_text_color=&#8221;#BE0055&#8243; custom_margin=&#8221;||40px|||&#8221; hover_enabled=&#8221;0&#8243; global_colors_info=&#8221;{}&#8221; sticky_enabled=&#8221;0&#8243;]<\/p>\n<h2>It&#8217;s time to take action!<\/h2>\n<ul>\n<li>Make a donation to support our mission and the organizations we support: <a href=\"https:\/\/action.missioninclusion.ca\/site\/Donation2?df_id=1500&amp;mfc_pref=T&amp;1500.donation=form1&amp;s_locale=en_CA\" target=\"_blank\" rel=\"noopener\">Donate to Mission inclusion<\/a><\/li>\n<li><a href=\"https:\/\/missioninclusion.ca\/vos-dons\/#infolettre\" target=\"_blank\" rel=\"noopener\"><strong>Subscribe to our newsletter<\/strong><\/a> to follow our actions here and abroad<\/li>\n<li>During the 16 Days of Activism, follow our media to learn, listen and act.<\/li>\n<li>Share this article on your networks with the keywords #16jours #parlonsinclusion to raise awareness of this cause.<\/li>\n<\/ul>\n<p>[\/et_pb_text][\/et_pb_column][\/et_pb_row][\/et_pb_section]<\/p>\n","protected":false},"excerpt":{"rendered":"<p>Mission inclusion is actively engaged in combating gender-based violence, notably through its participation in the 16 Days of Activism. This international campaign, running from November 25 to December 10, aims to eradicate violence against women and girls. Coline Camier, Senior Advisor at Mission inclusion, highlights the organization&#8217;s threefold approach: learn, listen, and act. Focusing on prevention, response, and repair, Mission inclusion works to strengthen women&#8217;s rights both in Quebec and internationally. Local initiatives like supporting the Centre Femmes La Passerelle in Kamouraska, and international projects such as those in Haiti for women\u2019s sexual and reproductive health, demonstrate this commitment. Join Mission inclusion during these 16 days of activism and contribute to building a more inclusive world that respects women&#8217;s rights.<\/p>\n","protected":false},"author":5,"featured_media":37032,"comment_status":"open","ping_status":"open","sticky":false,"template":"","format":"standard","meta":{"_et_pb_use_builder":"on","_et_pb_old_content":"","_et_gb_content_width":"","_exactmetrics_skip_tracking":false,"_exactmetrics_sitenote_active":false,"_exactmetrics_sitenote_note":"","_exactmetrics_sitenote_category":0,"jetpack_post_was_ever_published":false,"_jetpack_newsletter_access":"","_jetpack_dont_email_post_to_subs":false,"_jetpack_newsletter_tier_id":0,"_jetpack_memberships_contains_paywalled_content":false,"_jetpack_memberships_contains_paid_content":false,"footnotes":"","jetpack_publicize_message":"","jetpack_publicize_feature_enabled":true,"jetpack_social_post_already_shared":true,"jetpack_social_options":{"image_generator_settings":{"template":"highway","default_image_id":0,"font":"","enabled":false},"version":2}},"categories":[62,121,176],"tags":[167,163,161,157,158,155,123,72,171,124,71,166,94,125,90,170,159,154,160,164,168,175,169,156,174,165],"class_list":["post-36991","post","type-post","status-publish","format-standard","has-post-thumbnail","hentry","category-droits-des-femmes","category-droits-des-femmes-en","category-womens-rights","tag-16-days-of-activism","tag-16-jours-dactivisme","tag-autonomisation-des-femmes","tag-campagne-internationale","tag-centre-femmes-la-passerelle","tag-coline-camier","tag-droits-des-femmes-en","tag-droits-des-femmes","tag-feminism","tag-feminisme-en","tag-feminisme","tag-gender-based-violence","tag-haiti","tag-inclusion-sociale-en","tag-inclusion-sociale","tag-international-campaign","tag-mission-inclusion","tag-prevention-de-la-violence","tag-quebec","tag-sante-sexuelle-et-reproductive","tag-sexual-and-reproductive-health","tag-social-inclusion","tag-violence-prevention","tag-violences-basees-sur-le-genre","tag-womens-empowerment","tag-womens-rights"],"yoast_head":"<!-- This site is optimized with the Yoast SEO plugin v27.5 - https:\/\/yoast.com\/product\/yoast-seo-wordpress\/ -->\n<title>Act Against Violence Against Women, Act For Inclusion - Mission inclusion<\/title>\n<meta name=\"robots\" content=\"index, follow, max-snippet:-1, max-image-preview:large, max-video-preview:-1\" \/>\n<link rel=\"canonical\" href=\"https:\/\/missioninclusion.ca\/en\/droits-des-femmes\/act-against-violence-against-women-act-for-inclusion\/\" \/>\n<meta property=\"og:locale\" content=\"en_US\" \/>\n<meta property=\"og:type\" content=\"article\" \/>\n<meta property=\"og:title\" content=\"Act Against Violence Against Women, Act For Inclusion - Mission inclusion\" \/>\n<meta property=\"og:description\" content=\"Mission inclusion is actively engaged in combating gender-based violence, notably through its participation in the 16 Days of Activism. This international campaign, running from November 25 to December 10, aims to eradicate violence against women and girls. Coline Camier, Senior Advisor at Mission inclusion, highlights the organization&#039;s threefold approach: learn, listen, and act. Focusing on prevention, response, and repair, Mission inclusion works to strengthen women&#039;s rights both in Quebec and internationally. Local initiatives like supporting the Centre Femmes La Passerelle in Kamouraska, and international projects such as those in Haiti for women\u2019s sexual and reproductive health, demonstrate this commitment. Join Mission inclusion during these 16 days of activism and contribute to building a more inclusive world that respects women&#039;s rights.\" \/>\n<meta property=\"og:url\" content=\"https:\/\/missioninclusion.ca\/en\/droits-des-femmes\/act-against-violence-against-women-act-for-inclusion\/\" \/>\n<meta property=\"og:site_name\" content=\"Mission inclusion\" \/>\n<meta property=\"article:publisher\" content=\"https:\/\/www.facebook.com\/missioninclusion\/\" \/>\n<meta property=\"article:published_time\" content=\"2023-11-24T16:51:55+00:00\" \/>\n<meta property=\"article:modified_time\" content=\"2023-11-24T17:23:59+00:00\" \/>\n<meta property=\"og:image\" content=\"https:\/\/missioninclusion.ca\/wp-content\/uploads\/2023\/11\/16-jours-Blog-Banner.png\" \/>\n\t<meta property=\"og:image:width\" content=\"2240\" \/>\n\t<meta property=\"og:image:height\" content=\"1260\" \/>\n\t<meta property=\"og:image:type\" content=\"image\/png\" \/>\n<meta name=\"author\" content=\"Mission inclusion\" \/>\n<meta name=\"twitter:card\" content=\"summary_large_image\" \/>\n<meta name=\"twitter:creator\" content=\"@mi_inclusion\" \/>\n<meta name=\"twitter:site\" content=\"@mi_inclusion\" \/>\n<meta name=\"twitter:label1\" content=\"Written by\" \/>\n\t<meta name=\"twitter:data1\" content=\"Mission inclusion\" \/>\n\t<meta name=\"twitter:label2\" content=\"Est. reading time\" \/>\n\t<meta name=\"twitter:data2\" content=\"3 minutes\" \/>\n<script type=\"application\/ld+json\" class=\"yoast-schema-graph\">{\"@context\":\"https:\\\/\\\/schema.org\",\"@graph\":[{\"@type\":\"Article\",\"@id\":\"https:\\\/\\\/missioninclusion.ca\\\/en\\\/droits-des-femmes\\\/act-against-violence-against-women-act-for-inclusion\\\/#article\",\"isPartOf\":{\"@id\":\"https:\\\/\\\/missioninclusion.ca\\\/en\\\/droits-des-femmes\\\/act-against-violence-against-women-act-for-inclusion\\\/\"},\"author\":{\"name\":\"Mission inclusion\",\"@id\":\"https:\\\/\\\/missioninclusion.ca\\\/#\\\/schema\\\/person\\\/84e012e1b5887e8365574423d1112340\"},\"headline\":\"Act Against Violence Against Women, Act For Inclusion\",\"datePublished\":\"2023-11-24T16:51:55+00:00\",\"dateModified\":\"2023-11-24T17:23:59+00:00\",\"mainEntityOfPage\":{\"@id\":\"https:\\\/\\\/missioninclusion.ca\\\/en\\\/droits-des-femmes\\\/act-against-violence-against-women-act-for-inclusion\\\/\"},\"wordCount\":793,\"commentCount\":0,\"publisher\":{\"@id\":\"https:\\\/\\\/missioninclusion.ca\\\/#organization\"},\"image\":{\"@id\":\"https:\\\/\\\/missioninclusion.ca\\\/en\\\/droits-des-femmes\\\/act-against-violence-against-women-act-for-inclusion\\\/#primaryimage\"},\"thumbnailUrl\":\"https:\\\/\\\/missioninclusion.ca\\\/wp-content\\\/uploads\\\/2023\\\/11\\\/16-jours-Blog-Banner.png\",\"keywords\":[\"16 Days of Activism\",\"16 jours d'activisme\",\"Autonomisation des femmes\",\"Campagne internationale\",\"Centre Femmes La Passerelle\",\"Coline Camier\",\"droits des femmes\",\"droits des femmes\",\"Feminism\",\"f\u00e9minisme\",\"f\u00e9minisme\",\"Gender-based violence\",\"Ha\u00efti\",\"inclusion sociale\",\"inclusion sociale\",\"International campaign\",\"Mission inclusion\",\"Pr\u00e9vention de la violence\",\"Qu\u00e9bec\",\"Sant\u00e9 sexuelle et reproductive\",\"Sexual and reproductive health\",\"Social inclusion\",\"Violence prevention\",\"Violences bas\u00e9es sur le genre\",\"Women's empowerment\",\"Women's rights\"],\"articleSection\":[\"Droits des femmes\",\"Droits des femmes\",\"Women's Rights\"],\"inLanguage\":\"en-US\",\"potentialAction\":[{\"@type\":\"CommentAction\",\"name\":\"Comment\",\"target\":[\"https:\\\/\\\/missioninclusion.ca\\\/en\\\/droits-des-femmes\\\/act-against-violence-against-women-act-for-inclusion\\\/#respond\"]}]},{\"@type\":\"WebPage\",\"@id\":\"https:\\\/\\\/missioninclusion.ca\\\/en\\\/droits-des-femmes\\\/act-against-violence-against-women-act-for-inclusion\\\/\",\"url\":\"https:\\\/\\\/missioninclusion.ca\\\/en\\\/droits-des-femmes\\\/act-against-violence-against-women-act-for-inclusion\\\/\",\"name\":\"Act Against Violence Against Women, Act For Inclusion - Mission inclusion\",\"isPartOf\":{\"@id\":\"https:\\\/\\\/missioninclusion.ca\\\/#website\"},\"primaryImageOfPage\":{\"@id\":\"https:\\\/\\\/missioninclusion.ca\\\/en\\\/droits-des-femmes\\\/act-against-violence-against-women-act-for-inclusion\\\/#primaryimage\"},\"image\":{\"@id\":\"https:\\\/\\\/missioninclusion.ca\\\/en\\\/droits-des-femmes\\\/act-against-violence-against-women-act-for-inclusion\\\/#primaryimage\"},\"thumbnailUrl\":\"https:\\\/\\\/missioninclusion.ca\\\/wp-content\\\/uploads\\\/2023\\\/11\\\/16-jours-Blog-Banner.png\",\"datePublished\":\"2023-11-24T16:51:55+00:00\",\"dateModified\":\"2023-11-24T17:23:59+00:00\",\"breadcrumb\":{\"@id\":\"https:\\\/\\\/missioninclusion.ca\\\/en\\\/droits-des-femmes\\\/act-against-violence-against-women-act-for-inclusion\\\/#breadcrumb\"},\"inLanguage\":\"en-US\",\"potentialAction\":[{\"@type\":\"ReadAction\",\"target\":[\"https:\\\/\\\/missioninclusion.ca\\\/en\\\/droits-des-femmes\\\/act-against-violence-against-women-act-for-inclusion\\\/\"]}]},{\"@type\":\"ImageObject\",\"inLanguage\":\"en-US\",\"@id\":\"https:\\\/\\\/missioninclusion.ca\\\/en\\\/droits-des-femmes\\\/act-against-violence-against-women-act-for-inclusion\\\/#primaryimage\",\"url\":\"https:\\\/\\\/missioninclusion.ca\\\/wp-content\\\/uploads\\\/2023\\\/11\\\/16-jours-Blog-Banner.png\",\"contentUrl\":\"https:\\\/\\\/missioninclusion.ca\\\/wp-content\\\/uploads\\\/2023\\\/11\\\/16-jours-Blog-Banner.png\",\"width\":2240,\"height\":1260},{\"@type\":\"BreadcrumbList\",\"@id\":\"https:\\\/\\\/missioninclusion.ca\\\/en\\\/droits-des-femmes\\\/act-against-violence-against-women-act-for-inclusion\\\/#breadcrumb\",\"itemListElement\":[{\"@type\":\"ListItem\",\"position\":1,\"name\":\"Accueil\",\"item\":\"https:\\\/\\\/missioninclusion.ca\\\/\"},{\"@type\":\"ListItem\",\"position\":2,\"name\":\"Act Against Violence Against Women, Act For Inclusion\"}]},{\"@type\":\"WebSite\",\"@id\":\"https:\\\/\\\/missioninclusion.ca\\\/#website\",\"url\":\"https:\\\/\\\/missioninclusion.ca\\\/\",\"name\":\"Mission inclusion\",\"description\":\"\",\"publisher\":{\"@id\":\"https:\\\/\\\/missioninclusion.ca\\\/#organization\"},\"potentialAction\":[{\"@type\":\"SearchAction\",\"target\":{\"@type\":\"EntryPoint\",\"urlTemplate\":\"https:\\\/\\\/missioninclusion.ca\\\/?s={search_term_string}\"},\"query-input\":{\"@type\":\"PropertyValueSpecification\",\"valueRequired\":true,\"valueName\":\"search_term_string\"}}],\"inLanguage\":\"en-US\"},{\"@type\":\"Organization\",\"@id\":\"https:\\\/\\\/missioninclusion.ca\\\/#organization\",\"name\":\"Mission inclusion\",\"url\":\"https:\\\/\\\/missioninclusion.ca\\\/\",\"logo\":{\"@type\":\"ImageObject\",\"inLanguage\":\"en-US\",\"@id\":\"https:\\\/\\\/missioninclusion.ca\\\/#\\\/schema\\\/logo\\\/image\\\/\",\"url\":\"https:\\\/\\\/missioninclusion.ca\\\/wp-content\\\/uploads\\\/2023\\\/03\\\/Logo-Mission-inclusion-2023.jpg\",\"contentUrl\":\"https:\\\/\\\/missioninclusion.ca\\\/wp-content\\\/uploads\\\/2023\\\/03\\\/Logo-Mission-inclusion-2023.jpg\",\"width\":696,\"height\":696,\"caption\":\"Mission inclusion\"},\"image\":{\"@id\":\"https:\\\/\\\/missioninclusion.ca\\\/#\\\/schema\\\/logo\\\/image\\\/\"},\"sameAs\":[\"https:\\\/\\\/www.facebook.com\\\/missioninclusion\\\/\",\"https:\\\/\\\/x.com\\\/mi_inclusion\",\"https:\\\/\\\/www.instagram.com\\\/missioninclusion\\\/\",\"https:\\\/\\\/www.linkedin.com\\\/company\\\/mission-inclusion\",\"https:\\\/\\\/www.youtube.com\\\/missioninclusion\"]},{\"@type\":\"Person\",\"@id\":\"https:\\\/\\\/missioninclusion.ca\\\/#\\\/schema\\\/person\\\/84e012e1b5887e8365574423d1112340\",\"name\":\"Mission inclusion\",\"image\":{\"@type\":\"ImageObject\",\"inLanguage\":\"en-US\",\"@id\":\"https:\\\/\\\/secure.gravatar.com\\\/avatar\\\/e0779be96c357b26ef7a2dccb82c64998fd6242ec6c220422866210f5831fb19?s=96&d=mm&r=g\",\"url\":\"https:\\\/\\\/secure.gravatar.com\\\/avatar\\\/e0779be96c357b26ef7a2dccb82c64998fd6242ec6c220422866210f5831fb19?s=96&d=mm&r=g\",\"contentUrl\":\"https:\\\/\\\/secure.gravatar.com\\\/avatar\\\/e0779be96c357b26ef7a2dccb82c64998fd6242ec6c220422866210f5831fb19?s=96&d=mm&r=g\",\"caption\":\"Mission inclusion\"}}]}<\/script>\n<!-- \/ Yoast SEO plugin. -->","yoast_head_json":{"title":"Act Against Violence Against Women, Act For Inclusion - Mission inclusion","robots":{"index":"index","follow":"follow","max-snippet":"max-snippet:-1","max-image-preview":"max-image-preview:large","max-video-preview":"max-video-preview:-1"},"canonical":"https:\/\/missioninclusion.ca\/en\/droits-des-femmes\/act-against-violence-against-women-act-for-inclusion\/","og_locale":"en_US","og_type":"article","og_title":"Act Against Violence Against Women, Act For Inclusion - Mission inclusion","og_description":"Mission inclusion is actively engaged in combating gender-based violence, notably through its participation in the 16 Days of Activism. This international campaign, running from November 25 to December 10, aims to eradicate violence against women and girls. Coline Camier, Senior Advisor at Mission inclusion, highlights the organization's threefold approach: learn, listen, and act. Focusing on prevention, response, and repair, Mission inclusion works to strengthen women's rights both in Quebec and internationally. Local initiatives like supporting the Centre Femmes La Passerelle in Kamouraska, and international projects such as those in Haiti for women\u2019s sexual and reproductive health, demonstrate this commitment. Join Mission inclusion during these 16 days of activism and contribute to building a more inclusive world that respects women's rights.","og_url":"https:\/\/missioninclusion.ca\/en\/droits-des-femmes\/act-against-violence-against-women-act-for-inclusion\/","og_site_name":"Mission inclusion","article_publisher":"https:\/\/www.facebook.com\/missioninclusion\/","article_published_time":"2023-11-24T16:51:55+00:00","article_modified_time":"2023-11-24T17:23:59+00:00","og_image":[{"width":2240,"height":1260,"url":"https:\/\/missioninclusion.ca\/wp-content\/uploads\/2023\/11\/16-jours-Blog-Banner.png","type":"image\/png"}],"author":"Mission inclusion","twitter_card":"summary_large_image","twitter_creator":"@mi_inclusion","twitter_site":"@mi_inclusion","twitter_misc":{"Written by":"Mission inclusion","Est. reading time":"3 minutes"},"schema":{"@context":"https:\/\/schema.org","@graph":[{"@type":"Article","@id":"https:\/\/missioninclusion.ca\/en\/droits-des-femmes\/act-against-violence-against-women-act-for-inclusion\/#article","isPartOf":{"@id":"https:\/\/missioninclusion.ca\/en\/droits-des-femmes\/act-against-violence-against-women-act-for-inclusion\/"},"author":{"name":"Mission inclusion","@id":"https:\/\/missioninclusion.ca\/#\/schema\/person\/84e012e1b5887e8365574423d1112340"},"headline":"Act Against Violence Against Women, Act For Inclusion","datePublished":"2023-11-24T16:51:55+00:00","dateModified":"2023-11-24T17:23:59+00:00","mainEntityOfPage":{"@id":"https:\/\/missioninclusion.ca\/en\/droits-des-femmes\/act-against-violence-against-women-act-for-inclusion\/"},"wordCount":793,"commentCount":0,"publisher":{"@id":"https:\/\/missioninclusion.ca\/#organization"},"image":{"@id":"https:\/\/missioninclusion.ca\/en\/droits-des-femmes\/act-against-violence-against-women-act-for-inclusion\/#primaryimage"},"thumbnailUrl":"https:\/\/missioninclusion.ca\/wp-content\/uploads\/2023\/11\/16-jours-Blog-Banner.png","keywords":["16 Days of Activism","16 jours d'activisme","Autonomisation des femmes","Campagne internationale","Centre Femmes La Passerelle","Coline Camier","droits des femmes","droits des femmes","Feminism","f\u00e9minisme","f\u00e9minisme","Gender-based violence","Ha\u00efti","inclusion sociale","inclusion sociale","International campaign","Mission inclusion","Pr\u00e9vention de la violence","Qu\u00e9bec","Sant\u00e9 sexuelle et reproductive","Sexual and reproductive health","Social inclusion","Violence prevention","Violences bas\u00e9es sur le genre","Women's empowerment","Women's rights"],"articleSection":["Droits des femmes","Droits des femmes","Women's Rights"],"inLanguage":"en-US","potentialAction":[{"@type":"CommentAction","name":"Comment","target":["https:\/\/missioninclusion.ca\/en\/droits-des-femmes\/act-against-violence-against-women-act-for-inclusion\/#respond"]}]},{"@type":"WebPage","@id":"https:\/\/missioninclusion.ca\/en\/droits-des-femmes\/act-against-violence-against-women-act-for-inclusion\/","url":"https:\/\/missioninclusion.ca\/en\/droits-des-femmes\/act-against-violence-against-women-act-for-inclusion\/","name":"Act Against Violence Against Women, Act For Inclusion - Mission inclusion","isPartOf":{"@id":"https:\/\/missioninclusion.ca\/#website"},"primaryImageOfPage":{"@id":"https:\/\/missioninclusion.ca\/en\/droits-des-femmes\/act-against-violence-against-women-act-for-inclusion\/#primaryimage"},"image":{"@id":"https:\/\/missioninclusion.ca\/en\/droits-des-femmes\/act-against-violence-against-women-act-for-inclusion\/#primaryimage"},"thumbnailUrl":"https:\/\/missioninclusion.ca\/wp-content\/uploads\/2023\/11\/16-jours-Blog-Banner.png","datePublished":"2023-11-24T16:51:55+00:00","dateModified":"2023-11-24T17:23:59+00:00","breadcrumb":{"@id":"https:\/\/missioninclusion.ca\/en\/droits-des-femmes\/act-against-violence-against-women-act-for-inclusion\/#breadcrumb"},"inLanguage":"en-US","potentialAction":[{"@type":"ReadAction","target":["https:\/\/missioninclusion.ca\/en\/droits-des-femmes\/act-against-violence-against-women-act-for-inclusion\/"]}]},{"@type":"ImageObject","inLanguage":"en-US","@id":"https:\/\/missioninclusion.ca\/en\/droits-des-femmes\/act-against-violence-against-women-act-for-inclusion\/#primaryimage","url":"https:\/\/missioninclusion.ca\/wp-content\/uploads\/2023\/11\/16-jours-Blog-Banner.png","contentUrl":"https:\/\/missioninclusion.ca\/wp-content\/uploads\/2023\/11\/16-jours-Blog-Banner.png","width":2240,"height":1260},{"@type":"BreadcrumbList","@id":"https:\/\/missioninclusion.ca\/en\/droits-des-femmes\/act-against-violence-against-women-act-for-inclusion\/#breadcrumb","itemListElement":[{"@type":"ListItem","position":1,"name":"Accueil","item":"https:\/\/missioninclusion.ca\/"},{"@type":"ListItem","position":2,"name":"Act Against Violence Against Women, Act For Inclusion"}]},{"@type":"WebSite","@id":"https:\/\/missioninclusion.ca\/#website","url":"https:\/\/missioninclusion.ca\/","name":"Mission inclusion","description":"","publisher":{"@id":"https:\/\/missioninclusion.ca\/#organization"},"potentialAction":[{"@type":"SearchAction","target":{"@type":"EntryPoint","urlTemplate":"https:\/\/missioninclusion.ca\/?s={search_term_string}"},"query-input":{"@type":"PropertyValueSpecification","valueRequired":true,"valueName":"search_term_string"}}],"inLanguage":"en-US"},{"@type":"Organization","@id":"https:\/\/missioninclusion.ca\/#organization","name":"Mission inclusion","url":"https:\/\/missioninclusion.ca\/","logo":{"@type":"ImageObject","inLanguage":"en-US","@id":"https:\/\/missioninclusion.ca\/#\/schema\/logo\/image\/","url":"https:\/\/missioninclusion.ca\/wp-content\/uploads\/2023\/03\/Logo-Mission-inclusion-2023.jpg","contentUrl":"https:\/\/missioninclusion.ca\/wp-content\/uploads\/2023\/03\/Logo-Mission-inclusion-2023.jpg","width":696,"height":696,"caption":"Mission inclusion"},"image":{"@id":"https:\/\/missioninclusion.ca\/#\/schema\/logo\/image\/"},"sameAs":["https:\/\/www.facebook.com\/missioninclusion\/","https:\/\/x.com\/mi_inclusion","https:\/\/www.instagram.com\/missioninclusion\/","https:\/\/www.linkedin.com\/company\/mission-inclusion","https:\/\/www.youtube.com\/missioninclusion"]},{"@type":"Person","@id":"https:\/\/missioninclusion.ca\/#\/schema\/person\/84e012e1b5887e8365574423d1112340","name":"Mission inclusion","image":{"@type":"ImageObject","inLanguage":"en-US","@id":"https:\/\/secure.gravatar.com\/avatar\/e0779be96c357b26ef7a2dccb82c64998fd6242ec6c220422866210f5831fb19?s=96&d=mm&r=g","url":"https:\/\/secure.gravatar.com\/avatar\/e0779be96c357b26ef7a2dccb82c64998fd6242ec6c220422866210f5831fb19?s=96&d=mm&r=g","contentUrl":"https:\/\/secure.gravatar.com\/avatar\/e0779be96c357b26ef7a2dccb82c64998fd6242ec6c220422866210f5831fb19?s=96&d=mm&r=g","caption":"Mission inclusion"}}]}},"jetpack_publicize_connections":[],"jetpack_featured_media_url":"https:\/\/missioninclusion.ca\/wp-content\/uploads\/2023\/11\/16-jours-Blog-Banner.png","jetpack_sharing_enabled":true,"jetpack_shortlink":"https:\/\/wp.me\/paLylr-9CD","jetpack-related-posts":[],"_links":{"self":[{"href":"https:\/\/missioninclusion.ca\/en\/wp-json\/wp\/v2\/posts\/36991","targetHints":{"allow":["GET"]}}],"collection":[{"href":"https:\/\/missioninclusion.ca\/en\/wp-json\/wp\/v2\/posts"}],"about":[{"href":"https:\/\/missioninclusion.ca\/en\/wp-json\/wp\/v2\/types\/post"}],"author":[{"embeddable":true,"href":"https:\/\/missioninclusion.ca\/en\/wp-json\/wp\/v2\/users\/5"}],"replies":[{"embeddable":true,"href":"https:\/\/missioninclusion.ca\/en\/wp-json\/wp\/v2\/comments?post=36991"}],"version-history":[{"count":8,"href":"https:\/\/missioninclusion.ca\/en\/wp-json\/wp\/v2\/posts\/36991\/revisions"}],"predecessor-version":[{"id":37037,"href":"https:\/\/missioninclusion.ca\/en\/wp-json\/wp\/v2\/posts\/36991\/revisions\/37037"}],"wp:featuredmedia":[{"embeddable":true,"href":"https:\/\/missioninclusion.ca\/en\/wp-json\/wp\/v2\/media\/37032"}],"wp:attachment":[{"href":"https:\/\/missioninclusion.ca\/en\/wp-json\/wp\/v2\/media?parent=36991"}],"wp:term":[{"taxonomy":"category","embeddable":true,"href":"https:\/\/missioninclusion.ca\/en\/wp-json\/wp\/v2\/categories?post=36991"},{"taxonomy":"post_tag","embeddable":true,"href":"https:\/\/missioninclusion.ca\/en\/wp-json\/wp\/v2\/tags?post=36991"}],"curies":[{"name":"wp","href":"https:\/\/api.w.org\/{rel}","templated":true}]}}