
{"id":32560,"date":"2023-05-04T16:17:53","date_gmt":"2023-05-04T16:17:53","guid":{"rendered":"https:\/\/missioninclusion.ca\/uncategorized\/lancement-du-projet-olass-inclusivo-en-bolivie-ameliorer-lacces-aux-soins-de-sante-pour-toutes\/"},"modified":"2023-05-05T15:47:31","modified_gmt":"2023-05-05T15:47:31","slug":"lancement-du-projet-olass-inclusivo-en-bolivie-ameliorer-lacces-aux-soins-de-sante-pour-toutes","status":"publish","type":"post","link":"https:\/\/missioninclusion.ca\/en\/droits-des-femmes-en\/lancement-du-projet-olass-inclusivo-en-bolivie-ameliorer-lacces-aux-soins-de-sante-pour-toutes\/","title":{"rendered":"Launching the OLASS-Inclusivo Project in Bolivia: Improving Access to Healthcare for All"},"content":{"rendered":"\n<p>The <strong>OLASS-Inclusivo<\/strong> project has just been launched in Bolivia! This initiative was developed by the <strong>Fundaci\u00f3n Centro de Cultura Popular (FCCP)<\/strong> in collaboration with <strong>Mission inclusion<\/strong>, with the support of the <strong>Minist\u00e8re des Relations internationales et de la Francophonie du Qu\u00e9bec (MRIF) as part of the Nouveau Qu\u00e9bec sans fronti\u00e8res (NQSF) program<\/strong>. The project will run from April 2023 to March 2024 and will have a significant impact on the lives of women and communities in La Paz.<\/p>\n\n\n\n<p>The hybrid launch event was marked by the participation of women leaders and national and international authorities committed to promoting health and gender equality.<\/p>\n\n\n\n<p>The goal of this project is to improve the accessibility of gender-sensitive health services for communities around La Paz, particularly for women. The project will focus on strengthening the capacities of women leaders and representatives, raising awareness among health center staff, and educating members of women&#8217;s centers and the targeted communities.<\/p>\n\n\n\n<p><\/p>\n\n\n\n<p><strong>Health Services Tailored to Each Individual<\/strong><\/p>\n\n\n\n<p>The <strong>OLASS-Inclusivo<\/strong> project takes into account physiological needs, diverse experiences when seeking healthcare, and obstacles related to gender stereotypes, cultural norms, and economic barriers to provide healthcare tailored to each person, regardless of their gender.<\/p>\n\n\n\n<figure class=\"wp-block-image size-large\"><img loading=\"lazy\" decoding=\"async\" width=\"1024\" height=\"678\" src=\"https:\/\/missioninclusion.ca\/wp-content\/uploads\/2023\/05\/DSC_1011-1024x678.jpg\" alt=\"\" class=\"wp-image-32531\" srcset=\"https:\/\/missioninclusion.ca\/wp-content\/uploads\/2023\/05\/DSC_1011-980x649.jpg 980w, https:\/\/missioninclusion.ca\/wp-content\/uploads\/2023\/05\/DSC_1011-480x318.jpg 480w\" sizes=\"(min-width: 0px) and (max-width: 480px) 480px, (min-width: 481px) and (max-width: 980px) 980px, (min-width: 981px) 1024px, 100vw\" \/><\/figure>\n\n\n\n<p><\/p>\n\n\n\n<p><strong>Qu\u00e9bec: Women as Change-makers<\/strong><\/p>\n\n\n\n<p>During the launch event, from Qu\u00e9bec, <strong>Patrice Bachand, Director of Francophonie and International Solidarity at <strong>Minist\u00e8re des Relations internationales et de la Francophonie du Qu\u00e9bec<\/strong><\/strong>, and <strong>Genevi\u00e8ve Morency, Senior Director of International Programming at Mission inclusion<\/strong>, highlighted the importance of gender equality and the role of women as change-makers in society. They also emphasized the need to amplify women&#8217;s voices, ensure fair and equitable representation, and guarantee truly adapted healthcare for their specific needs.<\/p>\n\n\n\n<figure class=\"wp-block-image size-full\"><img loading=\"lazy\" decoding=\"async\" width=\"987\" height=\"469\" src=\"https:\/\/missioninclusion.ca\/wp-content\/uploads\/2023\/05\/Untitled.png\" alt=\"\" class=\"wp-image-32555\" srcset=\"https:\/\/missioninclusion.ca\/wp-content\/uploads\/2023\/05\/Untitled.png 987w, https:\/\/missioninclusion.ca\/wp-content\/uploads\/2023\/05\/Untitled-980x466.png 980w, https:\/\/missioninclusion.ca\/wp-content\/uploads\/2023\/05\/Untitled-480x228.png 480w\" sizes=\"(min-width: 0px) and (max-width: 480px) 480px, (min-width: 481px) and (max-width: 980px) 980px, (min-width: 981px) 987px, 100vw\" \/><figcaption class=\"wp-element-caption\">Patrice Bachand, Director of Francophonie and International Solidarity at the minist\u00e8re des Relations internationales et de la Francophonie du Qu\u00e9bec<\/figcaption><\/figure>\n\n\n\n<figure class=\"wp-block-image size-large\"><img loading=\"lazy\" decoding=\"async\" width=\"1024\" height=\"768\" src=\"https:\/\/missioninclusion.ca\/wp-content\/uploads\/2023\/05\/Lancement-2-1024x768.jpg\" alt=\"\" class=\"wp-image-32533\" srcset=\"https:\/\/missioninclusion.ca\/wp-content\/uploads\/2023\/05\/Lancement-2-980x735.jpg 980w, https:\/\/missioninclusion.ca\/wp-content\/uploads\/2023\/05\/Lancement-2-480x360.jpg 480w\" sizes=\"(min-width: 0px) and (max-width: 480px) 480px, (min-width: 481px) and (max-width: 980px) 980px, (min-width: 981px) 1024px, 100vw\" \/><figcaption class=\"wp-element-caption\">Genevi\u00e8ve Morency, Richard Veenstra, B\u00e9n\u00e9dicte Bucio, and Laurence Caron at the Mission inclusion office in Montreal<\/figcaption><\/figure>\n\n\n\n<p><\/p>\n\n\n\n<p><strong>Committed Local Partners<\/strong><\/p>\n\n\n\n<p>The health network coordinator, the peripheral sub-mayor (deputy mayor) of District 3, and the president of COSOMUSA (Municipal Social Health Council) of La Paz, as well as the head of Canadian cooperation at the Embassy, also participated in the in-person launch event in La Paz to demonstrate their commitment to this project.<\/p>\n\n\n\n<figure class=\"wp-block-gallery has-nested-images columns-default is-cropped wp-block-gallery-1 is-layout-flex wp-block-gallery-is-layout-flex\">\n<figure class=\"wp-block-image size-large\"><img loading=\"lazy\" decoding=\"async\" width=\"1024\" height=\"678\" data-id=\"32551\" src=\"https:\/\/missioninclusion.ca\/wp-content\/uploads\/2023\/05\/DSC_1002-1024x678.jpg\" alt=\"\" class=\"wp-image-32551\" srcset=\"https:\/\/missioninclusion.ca\/wp-content\/uploads\/2023\/05\/DSC_1002-980x649.jpg 980w, https:\/\/missioninclusion.ca\/wp-content\/uploads\/2023\/05\/DSC_1002-480x318.jpg 480w\" sizes=\"(min-width: 0px) and (max-width: 480px) 480px, (min-width: 481px) and (max-width: 980px) 980px, (min-width: 981px) 1024px, 100vw\" \/><\/figure>\n<\/figure>\n\n\n\n<p><\/p>\n\n\n\n<p><strong>Learning Best Practices for Successful International Cooperation<\/strong><\/p>\n\n\n\n<p>At <strong>Mission inclusion<\/strong>, we are pleased to be part of this initiative and contribute to a more inclusive world for everyone. We believe that we can always develop and improve our practices, and we believe that this project, in collaboration with local partners and local authorities, will allow us to continue improving our practices regarding women&#8217;s civic participation in the health sector.<\/p>\n\n\n\n<p>Indeed, we are convinced that international solidarity is a process of mutual exchange, knowledge, and enriching experiences. We would also like to reiterate our gratitude for the support of the <strong>Minist\u00e8re des Relations internationales et de la Francophonie du Qu\u00e9bec (MRIF)<\/strong> <strong>within the framework of the Nouveau Qu\u00e9bec sans fronti\u00e8res (NQSF) program<\/strong>, which contributes to the realization of this project and strengthens our commitment to a more inclusive world.<\/p>\n\n\n\n<hr class=\"wp-block-separator has-alpha-channel-opacity\"\/>\n\n\n\n<p><strong>Follow us on <a href=\"https:\/\/www.facebook.com\/missioninclusion\" target=\"_blank\" rel=\"noreferrer noopener\">social media<\/a> or <a href=\"https:\/\/missioninclusion.ca\/en\/our-actions\/womens-rights\/#infolettreFemme\" target=\"_blank\" rel=\"noreferrer noopener\">subscribe to our newsletter<\/a> to stay up-to-date with the latest news from Mission inclusion.<\/strong><\/p>\n","protected":false},"excerpt":{"rendered":"<p>The OLASS-Inclusivo project has just been launched in Bolivia! This initiative was developed by the Fundaci\u00f3n Centro de Cultura Popular (FCCP) in collaboration with Mission inclusion, with the support of the Minist\u00e8re des Relations internationales et de la Francophonie du Qu\u00e9bec (MRIF) as part of the Nouveau Qu\u00e9bec sans fronti\u00e8res (NQSF) program. The project will [&hellip;]<\/p>\n","protected":false},"author":5,"featured_media":32554,"comment_status":"open","ping_status":"open","sticky":false,"template":"","format":"standard","meta":{"_et_pb_use_builder":"off","_et_pb_old_content":"","_et_gb_content_width":"","_exactmetrics_skip_tracking":false,"_exactmetrics_sitenote_active":false,"_exactmetrics_sitenote_note":"","_exactmetrics_sitenote_category":0,"jetpack_post_was_ever_published":false,"_jetpack_newsletter_access":"","_jetpack_dont_email_post_to_subs":false,"_jetpack_newsletter_tier_id":0,"_jetpack_memberships_contains_paywalled_content":false,"_jetpack_memberships_contains_paid_content":false,"footnotes":"","jetpack_publicize_message":"","jetpack_publicize_feature_enabled":true,"jetpack_social_post_already_shared":true,"jetpack_social_options":{"image_generator_settings":{"template":"highway","default_image_id":0,"font":"","enabled":false},"version":2}},"categories":[121],"tags":[],"class_list":["post-32560","post","type-post","status-publish","format-standard","has-post-thumbnail","hentry","category-droits-des-femmes-en"],"yoast_head":"<!-- This site is optimized with the Yoast SEO plugin v27.5 - https:\/\/yoast.com\/product\/yoast-seo-wordpress\/ -->\n<title>Launching the OLASS-Inclusivo Project in Bolivia: Improving Access to Healthcare for All - Mission inclusion<\/title>\n<meta name=\"robots\" content=\"index, follow, max-snippet:-1, max-image-preview:large, max-video-preview:-1\" \/>\n<link rel=\"canonical\" href=\"https:\/\/missioninclusion.ca\/droits-des-femmes\/lancement-du-projet-olass-inclusivo-en-bolivie-ameliorer-lacces-aux-soins-de-sante-pour-toutes\/\" \/>\n<meta property=\"og:locale\" content=\"en_US\" \/>\n<meta property=\"og:type\" content=\"article\" \/>\n<meta property=\"og:title\" content=\"Launching the OLASS-Inclusivo Project in Bolivia: Improving Access to Healthcare for All - Mission inclusion\" \/>\n<meta property=\"og:description\" content=\"The OLASS-Inclusivo project has just been launched in Bolivia! This initiative was developed by the Fundaci\u00f3n Centro de Cultura Popular (FCCP) in collaboration with Mission inclusion, with the support of the Minist\u00e8re des Relations internationales et de la Francophonie du Qu\u00e9bec (MRIF) as part of the Nouveau Qu\u00e9bec sans fronti\u00e8res (NQSF) program. The project will [&hellip;]\" \/>\n<meta property=\"og:url\" content=\"https:\/\/missioninclusion.ca\/droits-des-femmes\/lancement-du-projet-olass-inclusivo-en-bolivie-ameliorer-lacces-aux-soins-de-sante-pour-toutes\/\" \/>\n<meta property=\"og:site_name\" content=\"Mission inclusion\" \/>\n<meta property=\"article:publisher\" content=\"https:\/\/www.facebook.com\/missioninclusion\/\" \/>\n<meta property=\"article:published_time\" content=\"2023-05-04T16:17:53+00:00\" \/>\n<meta property=\"article:modified_time\" content=\"2023-05-05T15:47:31+00:00\" \/>\n<meta property=\"og:image\" content=\"https:\/\/missioninclusion.ca\/wp-content\/uploads\/2023\/05\/DSC_1019-1-scaled.jpg\" \/>\n\t<meta property=\"og:image:width\" content=\"2560\" \/>\n\t<meta property=\"og:image:height\" content=\"1696\" \/>\n\t<meta property=\"og:image:type\" content=\"image\/jpeg\" \/>\n<meta name=\"author\" content=\"Mission inclusion\" \/>\n<meta name=\"twitter:card\" content=\"summary_large_image\" \/>\n<meta name=\"twitter:creator\" content=\"@mi_inclusion\" \/>\n<meta name=\"twitter:site\" content=\"@mi_inclusion\" \/>\n<meta name=\"twitter:label1\" content=\"Written by\" \/>\n\t<meta name=\"twitter:data1\" content=\"Mission inclusion\" \/>\n\t<meta name=\"twitter:label2\" content=\"Est. reading time\" \/>\n\t<meta name=\"twitter:data2\" content=\"4 minutes\" \/>\n<script type=\"application\/ld+json\" class=\"yoast-schema-graph\">{\"@context\":\"https:\\\/\\\/schema.org\",\"@graph\":[{\"@type\":\"Article\",\"@id\":\"https:\\\/\\\/missioninclusion.ca\\\/droits-des-femmes\\\/lancement-du-projet-olass-inclusivo-en-bolivie-ameliorer-lacces-aux-soins-de-sante-pour-toutes\\\/#article\",\"isPartOf\":{\"@id\":\"https:\\\/\\\/missioninclusion.ca\\\/droits-des-femmes\\\/lancement-du-projet-olass-inclusivo-en-bolivie-ameliorer-lacces-aux-soins-de-sante-pour-toutes\\\/\"},\"author\":{\"name\":\"Mission inclusion\",\"@id\":\"https:\\\/\\\/missioninclusion.ca\\\/#\\\/schema\\\/person\\\/84e012e1b5887e8365574423d1112340\"},\"headline\":\"Launching the OLASS-Inclusivo Project in Bolivia: Improving Access to Healthcare for All\",\"datePublished\":\"2023-05-04T16:17:53+00:00\",\"dateModified\":\"2023-05-05T15:47:31+00:00\",\"mainEntityOfPage\":{\"@id\":\"https:\\\/\\\/missioninclusion.ca\\\/droits-des-femmes\\\/lancement-du-projet-olass-inclusivo-en-bolivie-ameliorer-lacces-aux-soins-de-sante-pour-toutes\\\/\"},\"wordCount\":552,\"commentCount\":0,\"publisher\":{\"@id\":\"https:\\\/\\\/missioninclusion.ca\\\/#organization\"},\"image\":{\"@id\":\"https:\\\/\\\/missioninclusion.ca\\\/droits-des-femmes\\\/lancement-du-projet-olass-inclusivo-en-bolivie-ameliorer-lacces-aux-soins-de-sante-pour-toutes\\\/#primaryimage\"},\"thumbnailUrl\":\"https:\\\/\\\/missioninclusion.ca\\\/wp-content\\\/uploads\\\/2023\\\/05\\\/DSC_1019-1-scaled.jpg\",\"articleSection\":[\"Droits des femmes\"],\"inLanguage\":\"en-US\",\"potentialAction\":[{\"@type\":\"CommentAction\",\"name\":\"Comment\",\"target\":[\"https:\\\/\\\/missioninclusion.ca\\\/droits-des-femmes\\\/lancement-du-projet-olass-inclusivo-en-bolivie-ameliorer-lacces-aux-soins-de-sante-pour-toutes\\\/#respond\"]}]},{\"@type\":\"WebPage\",\"@id\":\"https:\\\/\\\/missioninclusion.ca\\\/droits-des-femmes\\\/lancement-du-projet-olass-inclusivo-en-bolivie-ameliorer-lacces-aux-soins-de-sante-pour-toutes\\\/\",\"url\":\"https:\\\/\\\/missioninclusion.ca\\\/droits-des-femmes\\\/lancement-du-projet-olass-inclusivo-en-bolivie-ameliorer-lacces-aux-soins-de-sante-pour-toutes\\\/\",\"name\":\"Launching the OLASS-Inclusivo Project in Bolivia: Improving Access to Healthcare for All - Mission inclusion\",\"isPartOf\":{\"@id\":\"https:\\\/\\\/missioninclusion.ca\\\/#website\"},\"primaryImageOfPage\":{\"@id\":\"https:\\\/\\\/missioninclusion.ca\\\/droits-des-femmes\\\/lancement-du-projet-olass-inclusivo-en-bolivie-ameliorer-lacces-aux-soins-de-sante-pour-toutes\\\/#primaryimage\"},\"image\":{\"@id\":\"https:\\\/\\\/missioninclusion.ca\\\/droits-des-femmes\\\/lancement-du-projet-olass-inclusivo-en-bolivie-ameliorer-lacces-aux-soins-de-sante-pour-toutes\\\/#primaryimage\"},\"thumbnailUrl\":\"https:\\\/\\\/missioninclusion.ca\\\/wp-content\\\/uploads\\\/2023\\\/05\\\/DSC_1019-1-scaled.jpg\",\"datePublished\":\"2023-05-04T16:17:53+00:00\",\"dateModified\":\"2023-05-05T15:47:31+00:00\",\"breadcrumb\":{\"@id\":\"https:\\\/\\\/missioninclusion.ca\\\/droits-des-femmes\\\/lancement-du-projet-olass-inclusivo-en-bolivie-ameliorer-lacces-aux-soins-de-sante-pour-toutes\\\/#breadcrumb\"},\"inLanguage\":\"en-US\",\"potentialAction\":[{\"@type\":\"ReadAction\",\"target\":[\"https:\\\/\\\/missioninclusion.ca\\\/droits-des-femmes\\\/lancement-du-projet-olass-inclusivo-en-bolivie-ameliorer-lacces-aux-soins-de-sante-pour-toutes\\\/\"]}]},{\"@type\":\"ImageObject\",\"inLanguage\":\"en-US\",\"@id\":\"https:\\\/\\\/missioninclusion.ca\\\/droits-des-femmes\\\/lancement-du-projet-olass-inclusivo-en-bolivie-ameliorer-lacces-aux-soins-de-sante-pour-toutes\\\/#primaryimage\",\"url\":\"https:\\\/\\\/missioninclusion.ca\\\/wp-content\\\/uploads\\\/2023\\\/05\\\/DSC_1019-1-scaled.jpg\",\"contentUrl\":\"https:\\\/\\\/missioninclusion.ca\\\/wp-content\\\/uploads\\\/2023\\\/05\\\/DSC_1019-1-scaled.jpg\",\"width\":2560,\"height\":1696},{\"@type\":\"BreadcrumbList\",\"@id\":\"https:\\\/\\\/missioninclusion.ca\\\/droits-des-femmes\\\/lancement-du-projet-olass-inclusivo-en-bolivie-ameliorer-lacces-aux-soins-de-sante-pour-toutes\\\/#breadcrumb\",\"itemListElement\":[{\"@type\":\"ListItem\",\"position\":1,\"name\":\"Accueil\",\"item\":\"https:\\\/\\\/missioninclusion.ca\\\/\"},{\"@type\":\"ListItem\",\"position\":2,\"name\":\"Launching the OLASS-Inclusivo Project in Bolivia: Improving Access to Healthcare for All\"}]},{\"@type\":\"WebSite\",\"@id\":\"https:\\\/\\\/missioninclusion.ca\\\/#website\",\"url\":\"https:\\\/\\\/missioninclusion.ca\\\/\",\"name\":\"Mission inclusion\",\"description\":\"\",\"publisher\":{\"@id\":\"https:\\\/\\\/missioninclusion.ca\\\/#organization\"},\"potentialAction\":[{\"@type\":\"SearchAction\",\"target\":{\"@type\":\"EntryPoint\",\"urlTemplate\":\"https:\\\/\\\/missioninclusion.ca\\\/?s={search_term_string}\"},\"query-input\":{\"@type\":\"PropertyValueSpecification\",\"valueRequired\":true,\"valueName\":\"search_term_string\"}}],\"inLanguage\":\"en-US\"},{\"@type\":\"Organization\",\"@id\":\"https:\\\/\\\/missioninclusion.ca\\\/#organization\",\"name\":\"Mission inclusion\",\"url\":\"https:\\\/\\\/missioninclusion.ca\\\/\",\"logo\":{\"@type\":\"ImageObject\",\"inLanguage\":\"en-US\",\"@id\":\"https:\\\/\\\/missioninclusion.ca\\\/#\\\/schema\\\/logo\\\/image\\\/\",\"url\":\"https:\\\/\\\/missioninclusion.ca\\\/wp-content\\\/uploads\\\/2023\\\/03\\\/Logo-Mission-inclusion-2023.jpg\",\"contentUrl\":\"https:\\\/\\\/missioninclusion.ca\\\/wp-content\\\/uploads\\\/2023\\\/03\\\/Logo-Mission-inclusion-2023.jpg\",\"width\":696,\"height\":696,\"caption\":\"Mission inclusion\"},\"image\":{\"@id\":\"https:\\\/\\\/missioninclusion.ca\\\/#\\\/schema\\\/logo\\\/image\\\/\"},\"sameAs\":[\"https:\\\/\\\/www.facebook.com\\\/missioninclusion\\\/\",\"https:\\\/\\\/x.com\\\/mi_inclusion\",\"https:\\\/\\\/www.instagram.com\\\/missioninclusion\\\/\",\"https:\\\/\\\/www.linkedin.com\\\/company\\\/mission-inclusion\",\"https:\\\/\\\/www.youtube.com\\\/missioninclusion\"]},{\"@type\":\"Person\",\"@id\":\"https:\\\/\\\/missioninclusion.ca\\\/#\\\/schema\\\/person\\\/84e012e1b5887e8365574423d1112340\",\"name\":\"Mission inclusion\",\"image\":{\"@type\":\"ImageObject\",\"inLanguage\":\"en-US\",\"@id\":\"https:\\\/\\\/secure.gravatar.com\\\/avatar\\\/e0779be96c357b26ef7a2dccb82c64998fd6242ec6c220422866210f5831fb19?s=96&d=mm&r=g\",\"url\":\"https:\\\/\\\/secure.gravatar.com\\\/avatar\\\/e0779be96c357b26ef7a2dccb82c64998fd6242ec6c220422866210f5831fb19?s=96&d=mm&r=g\",\"contentUrl\":\"https:\\\/\\\/secure.gravatar.com\\\/avatar\\\/e0779be96c357b26ef7a2dccb82c64998fd6242ec6c220422866210f5831fb19?s=96&d=mm&r=g\",\"caption\":\"Mission inclusion\"}}]}<\/script>\n<!-- \/ Yoast SEO plugin. -->","yoast_head_json":{"title":"Launching the OLASS-Inclusivo Project in Bolivia: Improving Access to Healthcare for All - Mission inclusion","robots":{"index":"index","follow":"follow","max-snippet":"max-snippet:-1","max-image-preview":"max-image-preview:large","max-video-preview":"max-video-preview:-1"},"canonical":"https:\/\/missioninclusion.ca\/droits-des-femmes\/lancement-du-projet-olass-inclusivo-en-bolivie-ameliorer-lacces-aux-soins-de-sante-pour-toutes\/","og_locale":"en_US","og_type":"article","og_title":"Launching the OLASS-Inclusivo Project in Bolivia: Improving Access to Healthcare for All - Mission inclusion","og_description":"The OLASS-Inclusivo project has just been launched in Bolivia! This initiative was developed by the Fundaci\u00f3n Centro de Cultura Popular (FCCP) in collaboration with Mission inclusion, with the support of the Minist\u00e8re des Relations internationales et de la Francophonie du Qu\u00e9bec (MRIF) as part of the Nouveau Qu\u00e9bec sans fronti\u00e8res (NQSF) program. The project will [&hellip;]","og_url":"https:\/\/missioninclusion.ca\/droits-des-femmes\/lancement-du-projet-olass-inclusivo-en-bolivie-ameliorer-lacces-aux-soins-de-sante-pour-toutes\/","og_site_name":"Mission inclusion","article_publisher":"https:\/\/www.facebook.com\/missioninclusion\/","article_published_time":"2023-05-04T16:17:53+00:00","article_modified_time":"2023-05-05T15:47:31+00:00","og_image":[{"width":2560,"height":1696,"url":"https:\/\/missioninclusion.ca\/wp-content\/uploads\/2023\/05\/DSC_1019-1-scaled.jpg","type":"image\/jpeg"}],"author":"Mission inclusion","twitter_card":"summary_large_image","twitter_creator":"@mi_inclusion","twitter_site":"@mi_inclusion","twitter_misc":{"Written by":"Mission inclusion","Est. reading time":"4 minutes"},"schema":{"@context":"https:\/\/schema.org","@graph":[{"@type":"Article","@id":"https:\/\/missioninclusion.ca\/droits-des-femmes\/lancement-du-projet-olass-inclusivo-en-bolivie-ameliorer-lacces-aux-soins-de-sante-pour-toutes\/#article","isPartOf":{"@id":"https:\/\/missioninclusion.ca\/droits-des-femmes\/lancement-du-projet-olass-inclusivo-en-bolivie-ameliorer-lacces-aux-soins-de-sante-pour-toutes\/"},"author":{"name":"Mission inclusion","@id":"https:\/\/missioninclusion.ca\/#\/schema\/person\/84e012e1b5887e8365574423d1112340"},"headline":"Launching the OLASS-Inclusivo Project in Bolivia: Improving Access to Healthcare for All","datePublished":"2023-05-04T16:17:53+00:00","dateModified":"2023-05-05T15:47:31+00:00","mainEntityOfPage":{"@id":"https:\/\/missioninclusion.ca\/droits-des-femmes\/lancement-du-projet-olass-inclusivo-en-bolivie-ameliorer-lacces-aux-soins-de-sante-pour-toutes\/"},"wordCount":552,"commentCount":0,"publisher":{"@id":"https:\/\/missioninclusion.ca\/#organization"},"image":{"@id":"https:\/\/missioninclusion.ca\/droits-des-femmes\/lancement-du-projet-olass-inclusivo-en-bolivie-ameliorer-lacces-aux-soins-de-sante-pour-toutes\/#primaryimage"},"thumbnailUrl":"https:\/\/missioninclusion.ca\/wp-content\/uploads\/2023\/05\/DSC_1019-1-scaled.jpg","articleSection":["Droits des femmes"],"inLanguage":"en-US","potentialAction":[{"@type":"CommentAction","name":"Comment","target":["https:\/\/missioninclusion.ca\/droits-des-femmes\/lancement-du-projet-olass-inclusivo-en-bolivie-ameliorer-lacces-aux-soins-de-sante-pour-toutes\/#respond"]}]},{"@type":"WebPage","@id":"https:\/\/missioninclusion.ca\/droits-des-femmes\/lancement-du-projet-olass-inclusivo-en-bolivie-ameliorer-lacces-aux-soins-de-sante-pour-toutes\/","url":"https:\/\/missioninclusion.ca\/droits-des-femmes\/lancement-du-projet-olass-inclusivo-en-bolivie-ameliorer-lacces-aux-soins-de-sante-pour-toutes\/","name":"Launching the OLASS-Inclusivo Project in Bolivia: Improving Access to Healthcare for All - Mission inclusion","isPartOf":{"@id":"https:\/\/missioninclusion.ca\/#website"},"primaryImageOfPage":{"@id":"https:\/\/missioninclusion.ca\/droits-des-femmes\/lancement-du-projet-olass-inclusivo-en-bolivie-ameliorer-lacces-aux-soins-de-sante-pour-toutes\/#primaryimage"},"image":{"@id":"https:\/\/missioninclusion.ca\/droits-des-femmes\/lancement-du-projet-olass-inclusivo-en-bolivie-ameliorer-lacces-aux-soins-de-sante-pour-toutes\/#primaryimage"},"thumbnailUrl":"https:\/\/missioninclusion.ca\/wp-content\/uploads\/2023\/05\/DSC_1019-1-scaled.jpg","datePublished":"2023-05-04T16:17:53+00:00","dateModified":"2023-05-05T15:47:31+00:00","breadcrumb":{"@id":"https:\/\/missioninclusion.ca\/droits-des-femmes\/lancement-du-projet-olass-inclusivo-en-bolivie-ameliorer-lacces-aux-soins-de-sante-pour-toutes\/#breadcrumb"},"inLanguage":"en-US","potentialAction":[{"@type":"ReadAction","target":["https:\/\/missioninclusion.ca\/droits-des-femmes\/lancement-du-projet-olass-inclusivo-en-bolivie-ameliorer-lacces-aux-soins-de-sante-pour-toutes\/"]}]},{"@type":"ImageObject","inLanguage":"en-US","@id":"https:\/\/missioninclusion.ca\/droits-des-femmes\/lancement-du-projet-olass-inclusivo-en-bolivie-ameliorer-lacces-aux-soins-de-sante-pour-toutes\/#primaryimage","url":"https:\/\/missioninclusion.ca\/wp-content\/uploads\/2023\/05\/DSC_1019-1-scaled.jpg","contentUrl":"https:\/\/missioninclusion.ca\/wp-content\/uploads\/2023\/05\/DSC_1019-1-scaled.jpg","width":2560,"height":1696},{"@type":"BreadcrumbList","@id":"https:\/\/missioninclusion.ca\/droits-des-femmes\/lancement-du-projet-olass-inclusivo-en-bolivie-ameliorer-lacces-aux-soins-de-sante-pour-toutes\/#breadcrumb","itemListElement":[{"@type":"ListItem","position":1,"name":"Accueil","item":"https:\/\/missioninclusion.ca\/"},{"@type":"ListItem","position":2,"name":"Launching the OLASS-Inclusivo Project in Bolivia: Improving Access to Healthcare for All"}]},{"@type":"WebSite","@id":"https:\/\/missioninclusion.ca\/#website","url":"https:\/\/missioninclusion.ca\/","name":"Mission inclusion","description":"","publisher":{"@id":"https:\/\/missioninclusion.ca\/#organization"},"potentialAction":[{"@type":"SearchAction","target":{"@type":"EntryPoint","urlTemplate":"https:\/\/missioninclusion.ca\/?s={search_term_string}"},"query-input":{"@type":"PropertyValueSpecification","valueRequired":true,"valueName":"search_term_string"}}],"inLanguage":"en-US"},{"@type":"Organization","@id":"https:\/\/missioninclusion.ca\/#organization","name":"Mission inclusion","url":"https:\/\/missioninclusion.ca\/","logo":{"@type":"ImageObject","inLanguage":"en-US","@id":"https:\/\/missioninclusion.ca\/#\/schema\/logo\/image\/","url":"https:\/\/missioninclusion.ca\/wp-content\/uploads\/2023\/03\/Logo-Mission-inclusion-2023.jpg","contentUrl":"https:\/\/missioninclusion.ca\/wp-content\/uploads\/2023\/03\/Logo-Mission-inclusion-2023.jpg","width":696,"height":696,"caption":"Mission inclusion"},"image":{"@id":"https:\/\/missioninclusion.ca\/#\/schema\/logo\/image\/"},"sameAs":["https:\/\/www.facebook.com\/missioninclusion\/","https:\/\/x.com\/mi_inclusion","https:\/\/www.instagram.com\/missioninclusion\/","https:\/\/www.linkedin.com\/company\/mission-inclusion","https:\/\/www.youtube.com\/missioninclusion"]},{"@type":"Person","@id":"https:\/\/missioninclusion.ca\/#\/schema\/person\/84e012e1b5887e8365574423d1112340","name":"Mission inclusion","image":{"@type":"ImageObject","inLanguage":"en-US","@id":"https:\/\/secure.gravatar.com\/avatar\/e0779be96c357b26ef7a2dccb82c64998fd6242ec6c220422866210f5831fb19?s=96&d=mm&r=g","url":"https:\/\/secure.gravatar.com\/avatar\/e0779be96c357b26ef7a2dccb82c64998fd6242ec6c220422866210f5831fb19?s=96&d=mm&r=g","contentUrl":"https:\/\/secure.gravatar.com\/avatar\/e0779be96c357b26ef7a2dccb82c64998fd6242ec6c220422866210f5831fb19?s=96&d=mm&r=g","caption":"Mission inclusion"}}]}},"jetpack_publicize_connections":[],"jetpack_featured_media_url":"https:\/\/missioninclusion.ca\/wp-content\/uploads\/2023\/05\/DSC_1019-1-scaled.jpg","jetpack_sharing_enabled":true,"jetpack_shortlink":"https:\/\/wp.me\/paLylr-8ta","jetpack-related-posts":[],"_links":{"self":[{"href":"https:\/\/missioninclusion.ca\/en\/wp-json\/wp\/v2\/posts\/32560","targetHints":{"allow":["GET"]}}],"collection":[{"href":"https:\/\/missioninclusion.ca\/en\/wp-json\/wp\/v2\/posts"}],"about":[{"href":"https:\/\/missioninclusion.ca\/en\/wp-json\/wp\/v2\/types\/post"}],"author":[{"embeddable":true,"href":"https:\/\/missioninclusion.ca\/en\/wp-json\/wp\/v2\/users\/5"}],"replies":[{"embeddable":true,"href":"https:\/\/missioninclusion.ca\/en\/wp-json\/wp\/v2\/comments?post=32560"}],"version-history":[{"count":2,"href":"https:\/\/missioninclusion.ca\/en\/wp-json\/wp\/v2\/posts\/32560\/revisions"}],"predecessor-version":[{"id":32623,"href":"https:\/\/missioninclusion.ca\/en\/wp-json\/wp\/v2\/posts\/32560\/revisions\/32623"}],"wp:featuredmedia":[{"embeddable":true,"href":"https:\/\/missioninclusion.ca\/en\/wp-json\/wp\/v2\/media\/32554"}],"wp:attachment":[{"href":"https:\/\/missioninclusion.ca\/en\/wp-json\/wp\/v2\/media?parent=32560"}],"wp:term":[{"taxonomy":"category","embeddable":true,"href":"https:\/\/missioninclusion.ca\/en\/wp-json\/wp\/v2\/categories?post=32560"},{"taxonomy":"post_tag","embeddable":true,"href":"https:\/\/missioninclusion.ca\/en\/wp-json\/wp\/v2\/tags?post=32560"}],"curies":[{"name":"wp","href":"https:\/\/api.w.org\/{rel}","templated":true}]}}